{"id":9959,"date":"2020-01-09T13:11:36","date_gmt":"2020-01-09T13:11:36","guid":{"rendered":"https:\/\/ence.es\/?p=9959"},"modified":"2020-01-09T13:11:36","modified_gmt":"2020-01-09T13:11:36","slug":"the-president-of-the-board-of-castilla-la-mancha-inaugurates-the-ence-biomass-generation-plant-in-puertollano","status":"publish","type":"post","link":"https:\/\/ence.es\/en\/the-president-of-the-board-of-castilla-la-mancha-inaugurates-the-ence-biomass-generation-plant-in-puertollano\/","title":{"rendered":"The president of the Board of Castilla-La Mancha inaugurates the Ence biomass generation plant in Puertollano"},"content":{"rendered":"<p>The President of the Board of Castilla-La Mancha, Emiliano Garc\u00eda-Page, today opened in Puertollano the new renewable energy generation plant with low emission biomass of 50 MW of Ence in the town of La Mancha, in an act that has told with the presence of the Mayor of Puertollano, Isabel Rodr\u00edguez Garc\u00eda, as well as the President of the company, Ignacio Colmenares, and the President of Honor, Juan Luis Arregui.<\/p>\n<p>In his speech, Emiliano Garc\u00eda-Page, stressed that \u201cwe are facing a project that is committed to the revitalization of a city that has been industrial capital, and has been especially linked to the energy sector. With its implementation, employment is created and the trauma that constituted the closure of Elcog\u00e1s for this municipality is restored \u201d. He also stressed that &#8220;the profitability of clean energy and the circular use of natural resources, such as that of this project, is enormous, and in Castilla-La Mancha we must take advantage of it.&#8221;<\/p>\n<p>Ignacio Colmenares stressed in his speech that the project \u201cconstitutes an example of a contribution to the just energy transition thanks to the acquisition of Ence in 2017 of the site of the former Elcog\u00e1s thermal power plant, for the construction of this new renewable biomass generation plant . A project that is in line with the National Integrated Energy and Climate Plan 2021-2030 and that has allowed us to maintain quality industrial employment, which contributes to the revitalization of the economy of the area and that favors the decarbonization of our energy system \u201d .<\/p>\n<p>The event was also attended by the Minister of Economy, Business and Employment, Patricia Franco Jim\u00e9nez, the Minister of Sustainable Development, Jos\u00e9 Luis Escudero Palomo, and the President of the Diputaci\u00f3n de Ciudad Real, Jos\u00e9 Manuel Caballero Serrano.<\/p>\n<p><strong>An example of just energy transition<\/strong><\/p>\n<p>The new 50 MW biomass generation plant is a clear example of a just energy transition, contributing very positively to the environment. In fact, it stands out for its high generation of direct, indirect and induced employment (about 27 jobs per installed MW). It will produce an estimated 325,000 MWh \/ year, equivalent to the energy needs of more than 60,000 people. To do this, it will consume around 238,000 tons \/ year of biomass, among which is pomace, vine shoots and shoots, olive leaf, and woody forest and agricultural remains.<\/p>\n<p>All of this biomass will comply with the Decalogue of Ence for the Sustainability of Biomass as a Fuel, a pioneering initiative in the Spanish company launched to guarantee its commitment to sustainability in the use of biomass and the care of the environment in the use from this renewable energy source. In addition, the activity of the Puertollano plant will allow a strong reduction in the uncontrolled burning of agricultural stubble &#8211; which has a high environmental impact -, while contributing to the maintenance of more than 1,300 direct, indirect and indirect jobs. induced, most of them in rural areas. These jobs will be added to the 500 direct jobs generated by the plant during its construction.<\/p>\n<p>Ence has made an investment of about \u20ac 100 million in its new plant that has the Best Available Techniques to guarantee a permanent respect for the environment and the highest levels of energy efficiency in such an installation.<\/p>\n","protected":false},"excerpt":{"rendered":"<p>The President of the Board of Castilla-La Mancha, Emiliano Garc\u00eda-Page, today opened in Puertollano the new renewable energy generation plant with low emission biomass of 50 MW of Ence in the town of La Mancha, in an act that has told with the presence of the Mayor of Puertollano, Isabel Rodr\u00edguez Garc\u00eda, as well as [&hellip;]<\/p>\n","protected":false},"author":3,"featured_media":9957,"comment_status":"open","ping_status":"open","sticky":false,"template":"","format":"standard","meta":{"_acf_changed":false,"inline_featured_image":false,"footnotes":""},"categories":[3],"tags":[],"class_list":["post-9959","post","type-post","status-publish","format-standard","has-post-thumbnail","hentry","category-general-en"],"acf":[],"yoast_head":"<!-- This site is optimized with the Yoast SEO plugin v27.5 - https:\/\/yoast.com\/product\/yoast-seo-wordpress\/ -->\n<title>The president of the Board of Castilla-La Mancha inaugurates the Ence biomass generation plant in Puertollano | Ence<\/title>\n<meta name=\"robots\" content=\"index, follow, max-snippet:-1, max-image-preview:large, max-video-preview:-1\" \/>\n<link rel=\"canonical\" href=\"https:\/\/ence.es\/en\/the-president-of-the-board-of-castilla-la-mancha-inaugurates-the-ence-biomass-generation-plant-in-puertollano\/\" \/>\n<meta property=\"og:locale\" content=\"en_US\" \/>\n<meta property=\"og:type\" content=\"article\" \/>\n<meta property=\"og:title\" content=\"The president of the Board of Castilla-La Mancha inaugurates the Ence biomass generation plant in Puertollano | Ence\" \/>\n<meta property=\"og:description\" content=\"The President of the Board of Castilla-La Mancha, Emiliano Garc\u00eda-Page, today opened in Puertollano the new renewable energy generation plant with low emission biomass of 50 MW of Ence in the town of La Mancha, in an act that has told with the presence of the Mayor of Puertollano, Isabel Rodr\u00edguez Garc\u00eda, as well as [&hellip;]\" \/>\n<meta property=\"og:url\" content=\"https:\/\/ence.es\/en\/the-president-of-the-board-of-castilla-la-mancha-inaugurates-the-ence-biomass-generation-plant-in-puertollano\/\" \/>\n<meta property=\"og:site_name\" content=\"Ence\" \/>\n<meta property=\"article:published_time\" content=\"2020-01-09T13:11:36+00:00\" \/>\n<meta property=\"og:image\" content=\"https:\/\/ence.es\/wp-content\/uploads\/2020\/01\/Inauguraci\u00f3n-Biollano-50-MW_2-1024x684.jpg\" \/>\n\t<meta property=\"og:image:width\" content=\"1024\" \/>\n\t<meta property=\"og:image:height\" content=\"684\" \/>\n\t<meta property=\"og:image:type\" content=\"image\/jpeg\" \/>\n<meta name=\"author\" content=\"ence_editor\" \/>\n<meta name=\"twitter:card\" content=\"summary_large_image\" \/>\n<meta name=\"twitter:label1\" content=\"Written by\" \/>\n\t<meta name=\"twitter:data1\" content=\"ence_editor\" \/>\n\t<meta name=\"twitter:label2\" content=\"Est. reading time\" \/>\n\t<meta name=\"twitter:data2\" content=\"3 minutes\" \/>\n<script type=\"application\/ld+json\" class=\"yoast-schema-graph\">{\"@context\":\"https:\\\/\\\/schema.org\",\"@graph\":[{\"@type\":\"Article\",\"@id\":\"https:\\\/\\\/ence.es\\\/en\\\/the-president-of-the-board-of-castilla-la-mancha-inaugurates-the-ence-biomass-generation-plant-in-puertollano\\\/#article\",\"isPartOf\":{\"@id\":\"https:\\\/\\\/ence.es\\\/en\\\/the-president-of-the-board-of-castilla-la-mancha-inaugurates-the-ence-biomass-generation-plant-in-puertollano\\\/\"},\"author\":{\"name\":\"ence_editor\",\"@id\":\"https:\\\/\\\/ence.es\\\/en\\\/#\\\/schema\\\/person\\\/9689a569a56450e4838c433e7bdff512\"},\"headline\":\"The president of the Board of Castilla-La Mancha inaugurates the Ence biomass generation plant in Puertollano\",\"datePublished\":\"2020-01-09T13:11:36+00:00\",\"mainEntityOfPage\":{\"@id\":\"https:\\\/\\\/ence.es\\\/en\\\/the-president-of-the-board-of-castilla-la-mancha-inaugurates-the-ence-biomass-generation-plant-in-puertollano\\\/\"},\"wordCount\":555,\"commentCount\":0,\"image\":{\"@id\":\"https:\\\/\\\/ence.es\\\/en\\\/the-president-of-the-board-of-castilla-la-mancha-inaugurates-the-ence-biomass-generation-plant-in-puertollano\\\/#primaryimage\"},\"thumbnailUrl\":\"https:\\\/\\\/ence.es\\\/wp-content\\\/uploads\\\/2020\\\/01\\\/Inauguraci\u00f3n-Biollano-50-MW_2.jpg\",\"articleSection\":[\"general\"],\"inLanguage\":\"en-US\",\"potentialAction\":[{\"@type\":\"CommentAction\",\"name\":\"Comment\",\"target\":[\"https:\\\/\\\/ence.es\\\/en\\\/the-president-of-the-board-of-castilla-la-mancha-inaugurates-the-ence-biomass-generation-plant-in-puertollano\\\/#respond\"]}]},{\"@type\":\"WebPage\",\"@id\":\"https:\\\/\\\/ence.es\\\/en\\\/the-president-of-the-board-of-castilla-la-mancha-inaugurates-the-ence-biomass-generation-plant-in-puertollano\\\/\",\"url\":\"https:\\\/\\\/ence.es\\\/en\\\/the-president-of-the-board-of-castilla-la-mancha-inaugurates-the-ence-biomass-generation-plant-in-puertollano\\\/\",\"name\":\"The president of the Board of Castilla-La Mancha inaugurates the Ence biomass generation plant in Puertollano | Ence\",\"isPartOf\":{\"@id\":\"https:\\\/\\\/ence.es\\\/en\\\/#website\"},\"primaryImageOfPage\":{\"@id\":\"https:\\\/\\\/ence.es\\\/en\\\/the-president-of-the-board-of-castilla-la-mancha-inaugurates-the-ence-biomass-generation-plant-in-puertollano\\\/#primaryimage\"},\"image\":{\"@id\":\"https:\\\/\\\/ence.es\\\/en\\\/the-president-of-the-board-of-castilla-la-mancha-inaugurates-the-ence-biomass-generation-plant-in-puertollano\\\/#primaryimage\"},\"thumbnailUrl\":\"https:\\\/\\\/ence.es\\\/wp-content\\\/uploads\\\/2020\\\/01\\\/Inauguraci\u00f3n-Biollano-50-MW_2.jpg\",\"datePublished\":\"2020-01-09T13:11:36+00:00\",\"author\":{\"@id\":\"https:\\\/\\\/ence.es\\\/en\\\/#\\\/schema\\\/person\\\/9689a569a56450e4838c433e7bdff512\"},\"breadcrumb\":{\"@id\":\"https:\\\/\\\/ence.es\\\/en\\\/the-president-of-the-board-of-castilla-la-mancha-inaugurates-the-ence-biomass-generation-plant-in-puertollano\\\/#breadcrumb\"},\"inLanguage\":\"en-US\",\"potentialAction\":[{\"@type\":\"ReadAction\",\"target\":[\"https:\\\/\\\/ence.es\\\/en\\\/the-president-of-the-board-of-castilla-la-mancha-inaugurates-the-ence-biomass-generation-plant-in-puertollano\\\/\"]}]},{\"@type\":\"ImageObject\",\"inLanguage\":\"en-US\",\"@id\":\"https:\\\/\\\/ence.es\\\/en\\\/the-president-of-the-board-of-castilla-la-mancha-inaugurates-the-ence-biomass-generation-plant-in-puertollano\\\/#primaryimage\",\"url\":\"https:\\\/\\\/ence.es\\\/wp-content\\\/uploads\\\/2020\\\/01\\\/Inauguraci\u00f3n-Biollano-50-MW_2.jpg\",\"contentUrl\":\"https:\\\/\\\/ence.es\\\/wp-content\\\/uploads\\\/2020\\\/01\\\/Inauguraci\u00f3n-Biollano-50-MW_2.jpg\",\"width\":3008,\"height\":2008},{\"@type\":\"BreadcrumbList\",\"@id\":\"https:\\\/\\\/ence.es\\\/en\\\/the-president-of-the-board-of-castilla-la-mancha-inaugurates-the-ence-biomass-generation-plant-in-puertollano\\\/#breadcrumb\",\"itemListElement\":[{\"@type\":\"ListItem\",\"position\":1,\"name\":\"Portada\",\"item\":\"https:\\\/\\\/ence.es\\\/en\\\/\"},{\"@type\":\"ListItem\",\"position\":2,\"name\":\"The president of the Board of Castilla-La Mancha inaugurates the Ence biomass generation plant in Puertollano\"}]},{\"@type\":\"WebSite\",\"@id\":\"https:\\\/\\\/ence.es\\\/en\\\/#website\",\"url\":\"https:\\\/\\\/ence.es\\\/en\\\/\",\"name\":\"Ence\",\"description\":\"\",\"potentialAction\":[{\"@type\":\"SearchAction\",\"target\":{\"@type\":\"EntryPoint\",\"urlTemplate\":\"https:\\\/\\\/ence.es\\\/en\\\/?s={search_term_string}\"},\"query-input\":{\"@type\":\"PropertyValueSpecification\",\"valueRequired\":true,\"valueName\":\"search_term_string\"}}],\"inLanguage\":\"en-US\"},{\"@type\":\"Person\",\"@id\":\"https:\\\/\\\/ence.es\\\/en\\\/#\\\/schema\\\/person\\\/9689a569a56450e4838c433e7bdff512\",\"name\":\"ence_editor\"}]}<\/script>\n<!-- \/ Yoast SEO plugin. -->","yoast_head_json":{"title":"The president of the Board of Castilla-La Mancha inaugurates the Ence biomass generation plant in Puertollano | Ence","robots":{"index":"index","follow":"follow","max-snippet":"max-snippet:-1","max-image-preview":"max-image-preview:large","max-video-preview":"max-video-preview:-1"},"canonical":"https:\/\/ence.es\/en\/the-president-of-the-board-of-castilla-la-mancha-inaugurates-the-ence-biomass-generation-plant-in-puertollano\/","og_locale":"en_US","og_type":"article","og_title":"The president of the Board of Castilla-La Mancha inaugurates the Ence biomass generation plant in Puertollano | Ence","og_description":"The President of the Board of Castilla-La Mancha, Emiliano Garc\u00eda-Page, today opened in Puertollano the new renewable energy generation plant with low emission biomass of 50 MW of Ence in the town of La Mancha, in an act that has told with the presence of the Mayor of Puertollano, Isabel Rodr\u00edguez Garc\u00eda, as well as [&hellip;]","og_url":"https:\/\/ence.es\/en\/the-president-of-the-board-of-castilla-la-mancha-inaugurates-the-ence-biomass-generation-plant-in-puertollano\/","og_site_name":"Ence","article_published_time":"2020-01-09T13:11:36+00:00","og_image":[{"width":1024,"height":684,"url":"https:\/\/ence.es\/wp-content\/uploads\/2020\/01\/Inauguraci\u00f3n-Biollano-50-MW_2-1024x684.jpg","type":"image\/jpeg"}],"author":"ence_editor","twitter_card":"summary_large_image","twitter_misc":{"Written by":"ence_editor","Est. reading time":"3 minutes"},"schema":{"@context":"https:\/\/schema.org","@graph":[{"@type":"Article","@id":"https:\/\/ence.es\/en\/the-president-of-the-board-of-castilla-la-mancha-inaugurates-the-ence-biomass-generation-plant-in-puertollano\/#article","isPartOf":{"@id":"https:\/\/ence.es\/en\/the-president-of-the-board-of-castilla-la-mancha-inaugurates-the-ence-biomass-generation-plant-in-puertollano\/"},"author":{"name":"ence_editor","@id":"https:\/\/ence.es\/en\/#\/schema\/person\/9689a569a56450e4838c433e7bdff512"},"headline":"The president of the Board of Castilla-La Mancha inaugurates the Ence biomass generation plant in Puertollano","datePublished":"2020-01-09T13:11:36+00:00","mainEntityOfPage":{"@id":"https:\/\/ence.es\/en\/the-president-of-the-board-of-castilla-la-mancha-inaugurates-the-ence-biomass-generation-plant-in-puertollano\/"},"wordCount":555,"commentCount":0,"image":{"@id":"https:\/\/ence.es\/en\/the-president-of-the-board-of-castilla-la-mancha-inaugurates-the-ence-biomass-generation-plant-in-puertollano\/#primaryimage"},"thumbnailUrl":"https:\/\/ence.es\/wp-content\/uploads\/2020\/01\/Inauguraci\u00f3n-Biollano-50-MW_2.jpg","articleSection":["general"],"inLanguage":"en-US","potentialAction":[{"@type":"CommentAction","name":"Comment","target":["https:\/\/ence.es\/en\/the-president-of-the-board-of-castilla-la-mancha-inaugurates-the-ence-biomass-generation-plant-in-puertollano\/#respond"]}]},{"@type":"WebPage","@id":"https:\/\/ence.es\/en\/the-president-of-the-board-of-castilla-la-mancha-inaugurates-the-ence-biomass-generation-plant-in-puertollano\/","url":"https:\/\/ence.es\/en\/the-president-of-the-board-of-castilla-la-mancha-inaugurates-the-ence-biomass-generation-plant-in-puertollano\/","name":"The president of the Board of Castilla-La Mancha inaugurates the Ence biomass generation plant in Puertollano | Ence","isPartOf":{"@id":"https:\/\/ence.es\/en\/#website"},"primaryImageOfPage":{"@id":"https:\/\/ence.es\/en\/the-president-of-the-board-of-castilla-la-mancha-inaugurates-the-ence-biomass-generation-plant-in-puertollano\/#primaryimage"},"image":{"@id":"https:\/\/ence.es\/en\/the-president-of-the-board-of-castilla-la-mancha-inaugurates-the-ence-biomass-generation-plant-in-puertollano\/#primaryimage"},"thumbnailUrl":"https:\/\/ence.es\/wp-content\/uploads\/2020\/01\/Inauguraci\u00f3n-Biollano-50-MW_2.jpg","datePublished":"2020-01-09T13:11:36+00:00","author":{"@id":"https:\/\/ence.es\/en\/#\/schema\/person\/9689a569a56450e4838c433e7bdff512"},"breadcrumb":{"@id":"https:\/\/ence.es\/en\/the-president-of-the-board-of-castilla-la-mancha-inaugurates-the-ence-biomass-generation-plant-in-puertollano\/#breadcrumb"},"inLanguage":"en-US","potentialAction":[{"@type":"ReadAction","target":["https:\/\/ence.es\/en\/the-president-of-the-board-of-castilla-la-mancha-inaugurates-the-ence-biomass-generation-plant-in-puertollano\/"]}]},{"@type":"ImageObject","inLanguage":"en-US","@id":"https:\/\/ence.es\/en\/the-president-of-the-board-of-castilla-la-mancha-inaugurates-the-ence-biomass-generation-plant-in-puertollano\/#primaryimage","url":"https:\/\/ence.es\/wp-content\/uploads\/2020\/01\/Inauguraci\u00f3n-Biollano-50-MW_2.jpg","contentUrl":"https:\/\/ence.es\/wp-content\/uploads\/2020\/01\/Inauguraci\u00f3n-Biollano-50-MW_2.jpg","width":3008,"height":2008},{"@type":"BreadcrumbList","@id":"https:\/\/ence.es\/en\/the-president-of-the-board-of-castilla-la-mancha-inaugurates-the-ence-biomass-generation-plant-in-puertollano\/#breadcrumb","itemListElement":[{"@type":"ListItem","position":1,"name":"Portada","item":"https:\/\/ence.es\/en\/"},{"@type":"ListItem","position":2,"name":"The president of the Board of Castilla-La Mancha inaugurates the Ence biomass generation plant in Puertollano"}]},{"@type":"WebSite","@id":"https:\/\/ence.es\/en\/#website","url":"https:\/\/ence.es\/en\/","name":"Ence","description":"","potentialAction":[{"@type":"SearchAction","target":{"@type":"EntryPoint","urlTemplate":"https:\/\/ence.es\/en\/?s={search_term_string}"},"query-input":{"@type":"PropertyValueSpecification","valueRequired":true,"valueName":"search_term_string"}}],"inLanguage":"en-US"},{"@type":"Person","@id":"https:\/\/ence.es\/en\/#\/schema\/person\/9689a569a56450e4838c433e7bdff512","name":"ence_editor"}]}},"_links":{"self":[{"href":"https:\/\/ence.es\/en\/wp-json\/wp\/v2\/posts\/9959","targetHints":{"allow":["GET"]}}],"collection":[{"href":"https:\/\/ence.es\/en\/wp-json\/wp\/v2\/posts"}],"about":[{"href":"https:\/\/ence.es\/en\/wp-json\/wp\/v2\/types\/post"}],"author":[{"embeddable":true,"href":"https:\/\/ence.es\/en\/wp-json\/wp\/v2\/users\/3"}],"replies":[{"embeddable":true,"href":"https:\/\/ence.es\/en\/wp-json\/wp\/v2\/comments?post=9959"}],"version-history":[{"count":1,"href":"https:\/\/ence.es\/en\/wp-json\/wp\/v2\/posts\/9959\/revisions"}],"predecessor-version":[{"id":9960,"href":"https:\/\/ence.es\/en\/wp-json\/wp\/v2\/posts\/9959\/revisions\/9960"}],"wp:featuredmedia":[{"embeddable":true,"href":"https:\/\/ence.es\/en\/wp-json\/wp\/v2\/media\/9957"}],"wp:attachment":[{"href":"https:\/\/ence.es\/en\/wp-json\/wp\/v2\/media?parent=9959"}],"wp:term":[{"taxonomy":"category","embeddable":true,"href":"https:\/\/ence.es\/en\/wp-json\/wp\/v2\/categories?post=9959"},{"taxonomy":"post_tag","embeddable":true,"href":"https:\/\/ence.es\/en\/wp-json\/wp\/v2\/tags?post=9959"}],"curies":[{"name":"wp","href":"https:\/\/api.w.org\/{rel}","templated":true}]}}