{"id":23418,"date":"2025-06-12T12:27:19","date_gmt":"2025-06-12T10:27:19","guid":{"rendered":"https:\/\/ence.es\/?p=23418"},"modified":"2025-06-13T14:16:41","modified_gmt":"2025-06-13T12:16:41","slug":"the-forum-en-primera-persona-del-rural-celebrates-its-third-edition-in-asturias-with-a-firm-commitment-to-the-future-of-the-rural-environment","status":"publish","type":"post","link":"https:\/\/ence.es\/en\/the-forum-en-primera-persona-del-rural-celebrates-its-third-edition-in-asturias-with-a-firm-commitment-to-the-future-of-the-rural-environment\/","title":{"rendered":"The Forum \u201cEn Primera Persona del Rural\u201d celebrates its third edition in Asturias with a firm commitment to the future of the rural environment"},"content":{"rendered":"<p>The third edition of the Forum En Primera Persona del Rural, an initiative promoted by Ence Terra to make visible and strengthen development opportunities in the territory, was held in Asturias, following on from the first two editions on Galician soil. The meeting brought together experts, institutional representatives and agents of the territory to reflect on the challenges and opportunities of rural Asturias.<\/p>\n<p>Moderated by Manuel Calvo Rey, the forum counted with the outstanding interventions of Luis Garc\u00eda, director of the EFA Fonteboa Rural Promotion Center, and Ana Mar\u00eda Acevedo, from Fabas La Estela, in Coa\u00f1a. Both offered their vision about the challenges and opportunities of the Asturian rural environment, highlighting the need to dignify the primary sector and promote training appropriate to the needs of agricultural enterprises.<\/p>\n<p>Luis Garc\u00eda, for his part, underlined the importance of training as a strategic tool to face the demographic challenge. Garc\u00eda defended a training adapted to the territory, connected with local resources and capable of promoting rooting. \u201cIn the past, in order to progress, it was necessary to leave; today we can also build the future from here, from the rural areas\u201d, he said.<\/p>\n<p>For her part, Ana Mar\u00eda Acevedo addressed the transformation that the countryside has undergone in the last generation, through professionalization and mechanization, highlighting how these have improved the quality of life compared to previous stages. Acevedo mentioned the low social esteem that still weighs on agricultural professions and advocated dignifying them through education. \u201cIt is essential that boys and girls, both urban and rural, learn about and value the rural environment from an early age,\u201d he said.<\/p>\n<p>During the day, personal stories were shared that reflect the rootedness, motivation and learning of those who live and work in rural areas. Key issues such as entrepreneurship, employment, generational change and the need for schools to be more open to the environment were discussed.<\/p>\n<p>Structural challenges such as the lack of services, the lack of visibility of the rural environment and the need to change the social perception of urban society were also addressed. The speakers agreed on the urgency of implementing concrete and sustained solutions over time.<\/p>\n<p>The event was attended by representatives of agricultural entities and associations and local institutions, consolidating this forum as a space of reference to make rural voices visible.<\/p>\n<p>With this third edition, the First Person Rural Forum reaffirms Ence Terra&#8217;s commitment to the sustainable development of the rural environment, recognizing the value of the people who, with effort and vision, build a more prosperous future for their communities.<\/p>\n<p><img decoding=\"async\" class=\"size-medium wp-image-23415 aligncenter\" src=\"https:\/\/ence.es\/wp-content\/uploads\/2025\/06\/III-edidcion-Foro-Primera-Persona-del-Ruarl.jpg\" alt=\"\" width=\"400\" height=\"auto\" srcset=\"https:\/\/ence.es\/wp-content\/uploads\/2025\/06\/III-edidcion-Foro-Primera-Persona-del-Ruarl.jpg 1600w, https:\/\/ence.es\/wp-content\/uploads\/2025\/06\/III-edidcion-Foro-Primera-Persona-del-Ruarl-300x225.jpg 300w, https:\/\/ence.es\/wp-content\/uploads\/2025\/06\/III-edidcion-Foro-Primera-Persona-del-Ruarl-1024x768.jpg 1024w, https:\/\/ence.es\/wp-content\/uploads\/2025\/06\/III-edidcion-Foro-Primera-Persona-del-Ruarl-768x576.jpg 768w, https:\/\/ence.es\/wp-content\/uploads\/2025\/06\/III-edidcion-Foro-Primera-Persona-del-Ruarl-1536x1152.jpg 1536w\" sizes=\"(max-width: 1600px) 100vw, 1600px\" \/><\/p>\n","protected":false},"excerpt":{"rendered":"<p>The third edition of the Forum En Primera Persona del Rural, an initiative promoted by Ence Terra to make visible and strengthen development opportunities in the territory, was held in Asturias, following on from the first two editions on Galician soil. The meeting brought together experts, institutional representatives and agents of the territory to reflect [&hellip;]<\/p>\n","protected":false},"author":3,"featured_media":23415,"comment_status":"closed","ping_status":"closed","sticky":false,"template":"","format":"standard","meta":{"_acf_changed":false,"inline_featured_image":false,"footnotes":""},"categories":[30],"tags":[],"class_list":["post-23418","post","type-post","status-publish","format-standard","has-post-thumbnail","hentry","category-sin-categorizar"],"acf":[],"yoast_head":"<!-- This site is optimized with the Yoast SEO plugin v27.5 - https:\/\/yoast.com\/product\/yoast-seo-wordpress\/ -->\n<title>The Forum \u201cEn Primera Persona del Rural\u201d celebrates its third edition in Asturias with a firm commitment to the future of the rural environment | Ence<\/title>\n<meta name=\"robots\" content=\"index, follow, max-snippet:-1, max-image-preview:large, max-video-preview:-1\" \/>\n<link rel=\"canonical\" href=\"https:\/\/ence.es\/en\/the-forum-en-primera-persona-del-rural-celebrates-its-third-edition-in-asturias-with-a-firm-commitment-to-the-future-of-the-rural-environment\/\" \/>\n<meta property=\"og:locale\" content=\"en_US\" \/>\n<meta property=\"og:type\" content=\"article\" \/>\n<meta property=\"og:title\" content=\"The Forum \u201cEn Primera Persona del Rural\u201d celebrates its third edition in Asturias with a firm commitment to the future of the rural environment | Ence\" \/>\n<meta property=\"og:description\" content=\"The third edition of the Forum En Primera Persona del Rural, an initiative promoted by Ence Terra to make visible and strengthen development opportunities in the territory, was held in Asturias, following on from the first two editions on Galician soil. The meeting brought together experts, institutional representatives and agents of the territory to reflect [&hellip;]\" \/>\n<meta property=\"og:url\" content=\"https:\/\/ence.es\/en\/the-forum-en-primera-persona-del-rural-celebrates-its-third-edition-in-asturias-with-a-firm-commitment-to-the-future-of-the-rural-environment\/\" \/>\n<meta property=\"og:site_name\" content=\"Ence\" \/>\n<meta property=\"article:published_time\" content=\"2025-06-12T10:27:19+00:00\" \/>\n<meta property=\"article:modified_time\" content=\"2025-06-13T12:16:41+00:00\" \/>\n<meta property=\"og:image\" content=\"https:\/\/ence.es\/wp-content\/uploads\/2025\/06\/III-edidcion-Foro-Primera-Persona-del-Ruarl.jpg\" \/>\n\t<meta property=\"og:image:width\" content=\"1600\" \/>\n\t<meta property=\"og:image:height\" content=\"1200\" \/>\n\t<meta property=\"og:image:type\" content=\"image\/jpeg\" \/>\n<meta name=\"author\" content=\"ence_editor\" \/>\n<meta name=\"twitter:card\" content=\"summary_large_image\" \/>\n<meta name=\"twitter:label1\" content=\"Written by\" \/>\n\t<meta name=\"twitter:data1\" content=\"ence_editor\" \/>\n\t<meta name=\"twitter:label2\" content=\"Est. reading time\" \/>\n\t<meta name=\"twitter:data2\" content=\"3 minutes\" \/>\n<script type=\"application\/ld+json\" class=\"yoast-schema-graph\">{\"@context\":\"https:\\\/\\\/schema.org\",\"@graph\":[{\"@type\":\"Article\",\"@id\":\"https:\\\/\\\/ence.es\\\/en\\\/the-forum-en-primera-persona-del-rural-celebrates-its-third-edition-in-asturias-with-a-firm-commitment-to-the-future-of-the-rural-environment\\\/#article\",\"isPartOf\":{\"@id\":\"https:\\\/\\\/ence.es\\\/en\\\/the-forum-en-primera-persona-del-rural-celebrates-its-third-edition-in-asturias-with-a-firm-commitment-to-the-future-of-the-rural-environment\\\/\"},\"author\":{\"name\":\"ence_editor\",\"@id\":\"https:\\\/\\\/ence.es\\\/en\\\/#\\\/schema\\\/person\\\/9689a569a56450e4838c433e7bdff512\"},\"headline\":\"The Forum \u201cEn Primera Persona del Rural\u201d celebrates its third edition in Asturias with a firm commitment to the future of the rural environment\",\"datePublished\":\"2025-06-12T10:27:19+00:00\",\"dateModified\":\"2025-06-13T12:16:41+00:00\",\"mainEntityOfPage\":{\"@id\":\"https:\\\/\\\/ence.es\\\/en\\\/the-forum-en-primera-persona-del-rural-celebrates-its-third-edition-in-asturias-with-a-firm-commitment-to-the-future-of-the-rural-environment\\\/\"},\"wordCount\":454,\"image\":{\"@id\":\"https:\\\/\\\/ence.es\\\/en\\\/the-forum-en-primera-persona-del-rural-celebrates-its-third-edition-in-asturias-with-a-firm-commitment-to-the-future-of-the-rural-environment\\\/#primaryimage\"},\"thumbnailUrl\":\"https:\\\/\\\/ence.es\\\/wp-content\\\/uploads\\\/2025\\\/06\\\/III-edidcion-Foro-Primera-Persona-del-Ruarl.jpg\",\"articleSection\":[\"Sin categorizar\"],\"inLanguage\":\"en-US\"},{\"@type\":\"WebPage\",\"@id\":\"https:\\\/\\\/ence.es\\\/en\\\/the-forum-en-primera-persona-del-rural-celebrates-its-third-edition-in-asturias-with-a-firm-commitment-to-the-future-of-the-rural-environment\\\/\",\"url\":\"https:\\\/\\\/ence.es\\\/en\\\/the-forum-en-primera-persona-del-rural-celebrates-its-third-edition-in-asturias-with-a-firm-commitment-to-the-future-of-the-rural-environment\\\/\",\"name\":\"The Forum \u201cEn Primera Persona del Rural\u201d celebrates its third edition in Asturias with a firm commitment to the future of the rural environment | Ence\",\"isPartOf\":{\"@id\":\"https:\\\/\\\/ence.es\\\/en\\\/#website\"},\"primaryImageOfPage\":{\"@id\":\"https:\\\/\\\/ence.es\\\/en\\\/the-forum-en-primera-persona-del-rural-celebrates-its-third-edition-in-asturias-with-a-firm-commitment-to-the-future-of-the-rural-environment\\\/#primaryimage\"},\"image\":{\"@id\":\"https:\\\/\\\/ence.es\\\/en\\\/the-forum-en-primera-persona-del-rural-celebrates-its-third-edition-in-asturias-with-a-firm-commitment-to-the-future-of-the-rural-environment\\\/#primaryimage\"},\"thumbnailUrl\":\"https:\\\/\\\/ence.es\\\/wp-content\\\/uploads\\\/2025\\\/06\\\/III-edidcion-Foro-Primera-Persona-del-Ruarl.jpg\",\"datePublished\":\"2025-06-12T10:27:19+00:00\",\"dateModified\":\"2025-06-13T12:16:41+00:00\",\"author\":{\"@id\":\"https:\\\/\\\/ence.es\\\/en\\\/#\\\/schema\\\/person\\\/9689a569a56450e4838c433e7bdff512\"},\"breadcrumb\":{\"@id\":\"https:\\\/\\\/ence.es\\\/en\\\/the-forum-en-primera-persona-del-rural-celebrates-its-third-edition-in-asturias-with-a-firm-commitment-to-the-future-of-the-rural-environment\\\/#breadcrumb\"},\"inLanguage\":\"en-US\",\"potentialAction\":[{\"@type\":\"ReadAction\",\"target\":[\"https:\\\/\\\/ence.es\\\/en\\\/the-forum-en-primera-persona-del-rural-celebrates-its-third-edition-in-asturias-with-a-firm-commitment-to-the-future-of-the-rural-environment\\\/\"]}]},{\"@type\":\"ImageObject\",\"inLanguage\":\"en-US\",\"@id\":\"https:\\\/\\\/ence.es\\\/en\\\/the-forum-en-primera-persona-del-rural-celebrates-its-third-edition-in-asturias-with-a-firm-commitment-to-the-future-of-the-rural-environment\\\/#primaryimage\",\"url\":\"https:\\\/\\\/ence.es\\\/wp-content\\\/uploads\\\/2025\\\/06\\\/III-edidcion-Foro-Primera-Persona-del-Ruarl.jpg\",\"contentUrl\":\"https:\\\/\\\/ence.es\\\/wp-content\\\/uploads\\\/2025\\\/06\\\/III-edidcion-Foro-Primera-Persona-del-Ruarl.jpg\",\"width\":1600,\"height\":1200},{\"@type\":\"BreadcrumbList\",\"@id\":\"https:\\\/\\\/ence.es\\\/en\\\/the-forum-en-primera-persona-del-rural-celebrates-its-third-edition-in-asturias-with-a-firm-commitment-to-the-future-of-the-rural-environment\\\/#breadcrumb\",\"itemListElement\":[{\"@type\":\"ListItem\",\"position\":1,\"name\":\"Portada\",\"item\":\"https:\\\/\\\/ence.es\\\/en\\\/\"},{\"@type\":\"ListItem\",\"position\":2,\"name\":\"The Forum \u201cEn Primera Persona del Rural\u201d celebrates its third edition in Asturias with a firm commitment to the future of the rural environment\"}]},{\"@type\":\"WebSite\",\"@id\":\"https:\\\/\\\/ence.es\\\/en\\\/#website\",\"url\":\"https:\\\/\\\/ence.es\\\/en\\\/\",\"name\":\"Ence\",\"description\":\"\",\"potentialAction\":[{\"@type\":\"SearchAction\",\"target\":{\"@type\":\"EntryPoint\",\"urlTemplate\":\"https:\\\/\\\/ence.es\\\/en\\\/?s={search_term_string}\"},\"query-input\":{\"@type\":\"PropertyValueSpecification\",\"valueRequired\":true,\"valueName\":\"search_term_string\"}}],\"inLanguage\":\"en-US\"},{\"@type\":\"Person\",\"@id\":\"https:\\\/\\\/ence.es\\\/en\\\/#\\\/schema\\\/person\\\/9689a569a56450e4838c433e7bdff512\",\"name\":\"ence_editor\"}]}<\/script>\n<!-- \/ Yoast SEO plugin. -->","yoast_head_json":{"title":"The Forum \u201cEn Primera Persona del Rural\u201d celebrates its third edition in Asturias with a firm commitment to the future of the rural environment | Ence","robots":{"index":"index","follow":"follow","max-snippet":"max-snippet:-1","max-image-preview":"max-image-preview:large","max-video-preview":"max-video-preview:-1"},"canonical":"https:\/\/ence.es\/en\/the-forum-en-primera-persona-del-rural-celebrates-its-third-edition-in-asturias-with-a-firm-commitment-to-the-future-of-the-rural-environment\/","og_locale":"en_US","og_type":"article","og_title":"The Forum \u201cEn Primera Persona del Rural\u201d celebrates its third edition in Asturias with a firm commitment to the future of the rural environment | Ence","og_description":"The third edition of the Forum En Primera Persona del Rural, an initiative promoted by Ence Terra to make visible and strengthen development opportunities in the territory, was held in Asturias, following on from the first two editions on Galician soil. The meeting brought together experts, institutional representatives and agents of the territory to reflect [&hellip;]","og_url":"https:\/\/ence.es\/en\/the-forum-en-primera-persona-del-rural-celebrates-its-third-edition-in-asturias-with-a-firm-commitment-to-the-future-of-the-rural-environment\/","og_site_name":"Ence","article_published_time":"2025-06-12T10:27:19+00:00","article_modified_time":"2025-06-13T12:16:41+00:00","og_image":[{"width":1600,"height":1200,"url":"https:\/\/ence.es\/wp-content\/uploads\/2025\/06\/III-edidcion-Foro-Primera-Persona-del-Ruarl.jpg","type":"image\/jpeg"}],"author":"ence_editor","twitter_card":"summary_large_image","twitter_misc":{"Written by":"ence_editor","Est. reading time":"3 minutes"},"schema":{"@context":"https:\/\/schema.org","@graph":[{"@type":"Article","@id":"https:\/\/ence.es\/en\/the-forum-en-primera-persona-del-rural-celebrates-its-third-edition-in-asturias-with-a-firm-commitment-to-the-future-of-the-rural-environment\/#article","isPartOf":{"@id":"https:\/\/ence.es\/en\/the-forum-en-primera-persona-del-rural-celebrates-its-third-edition-in-asturias-with-a-firm-commitment-to-the-future-of-the-rural-environment\/"},"author":{"name":"ence_editor","@id":"https:\/\/ence.es\/en\/#\/schema\/person\/9689a569a56450e4838c433e7bdff512"},"headline":"The Forum \u201cEn Primera Persona del Rural\u201d celebrates its third edition in Asturias with a firm commitment to the future of the rural environment","datePublished":"2025-06-12T10:27:19+00:00","dateModified":"2025-06-13T12:16:41+00:00","mainEntityOfPage":{"@id":"https:\/\/ence.es\/en\/the-forum-en-primera-persona-del-rural-celebrates-its-third-edition-in-asturias-with-a-firm-commitment-to-the-future-of-the-rural-environment\/"},"wordCount":454,"image":{"@id":"https:\/\/ence.es\/en\/the-forum-en-primera-persona-del-rural-celebrates-its-third-edition-in-asturias-with-a-firm-commitment-to-the-future-of-the-rural-environment\/#primaryimage"},"thumbnailUrl":"https:\/\/ence.es\/wp-content\/uploads\/2025\/06\/III-edidcion-Foro-Primera-Persona-del-Ruarl.jpg","articleSection":["Sin categorizar"],"inLanguage":"en-US"},{"@type":"WebPage","@id":"https:\/\/ence.es\/en\/the-forum-en-primera-persona-del-rural-celebrates-its-third-edition-in-asturias-with-a-firm-commitment-to-the-future-of-the-rural-environment\/","url":"https:\/\/ence.es\/en\/the-forum-en-primera-persona-del-rural-celebrates-its-third-edition-in-asturias-with-a-firm-commitment-to-the-future-of-the-rural-environment\/","name":"The Forum \u201cEn Primera Persona del Rural\u201d celebrates its third edition in Asturias with a firm commitment to the future of the rural environment | Ence","isPartOf":{"@id":"https:\/\/ence.es\/en\/#website"},"primaryImageOfPage":{"@id":"https:\/\/ence.es\/en\/the-forum-en-primera-persona-del-rural-celebrates-its-third-edition-in-asturias-with-a-firm-commitment-to-the-future-of-the-rural-environment\/#primaryimage"},"image":{"@id":"https:\/\/ence.es\/en\/the-forum-en-primera-persona-del-rural-celebrates-its-third-edition-in-asturias-with-a-firm-commitment-to-the-future-of-the-rural-environment\/#primaryimage"},"thumbnailUrl":"https:\/\/ence.es\/wp-content\/uploads\/2025\/06\/III-edidcion-Foro-Primera-Persona-del-Ruarl.jpg","datePublished":"2025-06-12T10:27:19+00:00","dateModified":"2025-06-13T12:16:41+00:00","author":{"@id":"https:\/\/ence.es\/en\/#\/schema\/person\/9689a569a56450e4838c433e7bdff512"},"breadcrumb":{"@id":"https:\/\/ence.es\/en\/the-forum-en-primera-persona-del-rural-celebrates-its-third-edition-in-asturias-with-a-firm-commitment-to-the-future-of-the-rural-environment\/#breadcrumb"},"inLanguage":"en-US","potentialAction":[{"@type":"ReadAction","target":["https:\/\/ence.es\/en\/the-forum-en-primera-persona-del-rural-celebrates-its-third-edition-in-asturias-with-a-firm-commitment-to-the-future-of-the-rural-environment\/"]}]},{"@type":"ImageObject","inLanguage":"en-US","@id":"https:\/\/ence.es\/en\/the-forum-en-primera-persona-del-rural-celebrates-its-third-edition-in-asturias-with-a-firm-commitment-to-the-future-of-the-rural-environment\/#primaryimage","url":"https:\/\/ence.es\/wp-content\/uploads\/2025\/06\/III-edidcion-Foro-Primera-Persona-del-Ruarl.jpg","contentUrl":"https:\/\/ence.es\/wp-content\/uploads\/2025\/06\/III-edidcion-Foro-Primera-Persona-del-Ruarl.jpg","width":1600,"height":1200},{"@type":"BreadcrumbList","@id":"https:\/\/ence.es\/en\/the-forum-en-primera-persona-del-rural-celebrates-its-third-edition-in-asturias-with-a-firm-commitment-to-the-future-of-the-rural-environment\/#breadcrumb","itemListElement":[{"@type":"ListItem","position":1,"name":"Portada","item":"https:\/\/ence.es\/en\/"},{"@type":"ListItem","position":2,"name":"The Forum \u201cEn Primera Persona del Rural\u201d celebrates its third edition in Asturias with a firm commitment to the future of the rural environment"}]},{"@type":"WebSite","@id":"https:\/\/ence.es\/en\/#website","url":"https:\/\/ence.es\/en\/","name":"Ence","description":"","potentialAction":[{"@type":"SearchAction","target":{"@type":"EntryPoint","urlTemplate":"https:\/\/ence.es\/en\/?s={search_term_string}"},"query-input":{"@type":"PropertyValueSpecification","valueRequired":true,"valueName":"search_term_string"}}],"inLanguage":"en-US"},{"@type":"Person","@id":"https:\/\/ence.es\/en\/#\/schema\/person\/9689a569a56450e4838c433e7bdff512","name":"ence_editor"}]}},"_links":{"self":[{"href":"https:\/\/ence.es\/en\/wp-json\/wp\/v2\/posts\/23418","targetHints":{"allow":["GET"]}}],"collection":[{"href":"https:\/\/ence.es\/en\/wp-json\/wp\/v2\/posts"}],"about":[{"href":"https:\/\/ence.es\/en\/wp-json\/wp\/v2\/types\/post"}],"author":[{"embeddable":true,"href":"https:\/\/ence.es\/en\/wp-json\/wp\/v2\/users\/3"}],"replies":[{"embeddable":true,"href":"https:\/\/ence.es\/en\/wp-json\/wp\/v2\/comments?post=23418"}],"version-history":[{"count":1,"href":"https:\/\/ence.es\/en\/wp-json\/wp\/v2\/posts\/23418\/revisions"}],"predecessor-version":[{"id":23419,"href":"https:\/\/ence.es\/en\/wp-json\/wp\/v2\/posts\/23418\/revisions\/23419"}],"wp:featuredmedia":[{"embeddable":true,"href":"https:\/\/ence.es\/en\/wp-json\/wp\/v2\/media\/23415"}],"wp:attachment":[{"href":"https:\/\/ence.es\/en\/wp-json\/wp\/v2\/media?parent=23418"}],"wp:term":[{"taxonomy":"category","embeddable":true,"href":"https:\/\/ence.es\/en\/wp-json\/wp\/v2\/categories?post=23418"},{"taxonomy":"post_tag","embeddable":true,"href":"https:\/\/ence.es\/en\/wp-json\/wp\/v2\/tags?post=23418"}],"curies":[{"name":"wp","href":"https:\/\/api.w.org\/{rel}","templated":true}]}}