{"id":21829,"date":"2024-11-21T11:57:51","date_gmt":"2024-11-21T10:57:51","guid":{"rendered":"https:\/\/ence.es\/ence-terra-celebrates-the-ii-forum-en-primeira-persoa-do-rural-focused-on-the-challenges-and-opportunities-of-the-rural-environment\/"},"modified":"2024-11-21T15:16:27","modified_gmt":"2024-11-21T14:16:27","slug":"ence-terra-celebrates-the-ii-forum-en-primeira-persoa-do-rural-focused-on-the-challenges-and-opportunities-of-the-rural-environment","status":"publish","type":"post","link":"https:\/\/ence.es\/en\/ence-terra-celebrates-the-ii-forum-en-primeira-persoa-do-rural-focused-on-the-challenges-and-opportunities-of-the-rural-environment\/","title":{"rendered":"Ence Terra celebrates the II forum \u201cEn Primeira Persoa do Rural\u201d focused on the challenges and opportunities of the rural environment"},"content":{"rendered":"<p>Primeira Persoa do Rural, an initiative promoted by Ence Terra aimed at promoting rural development, held its second forum and brought together two key figures in the sector: the renowned winemaker Eladio Pi\u00f1eiro and Carlos Malvido, a member of the A Meixoeira cooperative. Both shared their experience and achievements while addressing the challenges and opportunities of this key sector for the future of Galicia and society as a whole.<\/p>\n<p>The Eladio Pi\u00f1eiro Rural Wines enclave (Vilagarc\u00eda de Arousa, Pontevedra) was the setting for the meeting, a family winery that is a pioneer in the production of Albari\u00f1o. For his part, Carlos Malvido represented the A Meixoeira cooperative (Moa\u00f1a), of which he is a member and which manages a farm with more than 200 sheep for the processing of milk into cheeses and other dairy products, with important international recognition.<\/p>\n<p>Both Pi\u00f1eiro and Malvido have highlighted the importance of people with projects for rural areas becoming aware that it is possible to carry them out, and of promoting this future among the population. \u201cWe must invest and create opportunities in rural areas so that those who come after can take advantage of them,\u201d said Malvido. For his part, Eladio Pi\u00f1eiro stressed that \u201cit is important that the existing population in rural areas believes in the possibility of living and achieving their goals here.\u201d<\/p>\n<p>The disconnection between rural and urban areas, the added value of products with essential ingredients produced in rural areas, or the characteristics of businesses in this area, which are small-scale and promote entrepreneurship, were other topics discussed.<\/p>\n<p>The second forum En Primeira Persoa do Rural has revealed new stories of entrepreneurship and development opportunities in the area; and demonstrates Ence Terra&#8217;s commitment to the rural environment and its sustainable development, by recognizing the value of people who, with effort and dedication, build a more prosperous future for their communities on a daily basis.<\/p>\n","protected":false},"excerpt":{"rendered":"<p>Primeira Persoa do Rural, an initiative promoted by Ence Terra aimed at promoting rural development, held its second forum and brought together two key figures in the sector: the renowned winemaker Eladio Pi\u00f1eiro and Carlos Malvido, a member of the A Meixoeira cooperative. Both shared their experience and achievements while addressing the challenges and opportunities [&hellip;]<\/p>\n","protected":false},"author":3,"featured_media":21822,"comment_status":"closed","ping_status":"closed","sticky":false,"template":"","format":"standard","meta":{"_acf_changed":false,"inline_featured_image":false,"footnotes":""},"categories":[30],"tags":[],"class_list":["post-21829","post","type-post","status-publish","format-standard","has-post-thumbnail","hentry","category-sin-categorizar"],"acf":[],"yoast_head":"<!-- This site is optimized with the Yoast SEO plugin v26.7 - https:\/\/yoast.com\/wordpress\/plugins\/seo\/ -->\n<title>Ence Terra celebrates the II forum \u201cEn Primeira Persoa do Rural\u201d focused on the challenges and opportunities of the rural environment | Ence<\/title>\n<meta name=\"robots\" content=\"index, follow, max-snippet:-1, max-image-preview:large, max-video-preview:-1\" \/>\n<link rel=\"canonical\" href=\"https:\/\/ence.es\/en\/ence-terra-celebrates-the-ii-forum-en-primeira-persoa-do-rural-focused-on-the-challenges-and-opportunities-of-the-rural-environment\/\" \/>\n<meta property=\"og:locale\" content=\"en_US\" \/>\n<meta property=\"og:type\" content=\"article\" \/>\n<meta property=\"og:title\" content=\"Ence Terra celebrates the II forum \u201cEn Primeira Persoa do Rural\u201d focused on the challenges and opportunities of the rural environment | Ence\" \/>\n<meta property=\"og:description\" content=\"Primeira Persoa do Rural, an initiative promoted by Ence Terra aimed at promoting rural development, held its second forum and brought together two key figures in the sector: the renowned winemaker Eladio Pi\u00f1eiro and Carlos Malvido, a member of the A Meixoeira cooperative. Both shared their experience and achievements while addressing the challenges and opportunities [&hellip;]\" \/>\n<meta property=\"og:url\" content=\"https:\/\/ence.es\/en\/ence-terra-celebrates-the-ii-forum-en-primeira-persoa-do-rural-focused-on-the-challenges-and-opportunities-of-the-rural-environment\/\" \/>\n<meta property=\"og:site_name\" content=\"Ence\" \/>\n<meta property=\"article:published_time\" content=\"2024-11-21T10:57:51+00:00\" \/>\n<meta property=\"article:modified_time\" content=\"2024-11-21T14:16:27+00:00\" \/>\n<meta property=\"og:image\" content=\"https:\/\/ence.es\/wp-content\/uploads\/2024\/11\/WhatsApp-Image-2024-11-11-at-12.18.20.jpeg\" \/>\n\t<meta property=\"og:image:width\" content=\"1600\" \/>\n\t<meta property=\"og:image:height\" content=\"900\" \/>\n\t<meta property=\"og:image:type\" content=\"image\/jpeg\" \/>\n<meta name=\"author\" content=\"ence_editor\" \/>\n<meta name=\"twitter:card\" content=\"summary_large_image\" \/>\n<meta name=\"twitter:label1\" content=\"Written by\" \/>\n\t<meta name=\"twitter:data1\" content=\"ence_editor\" \/>\n\t<meta name=\"twitter:label2\" content=\"Est. reading time\" \/>\n\t<meta name=\"twitter:data2\" content=\"2 minutes\" \/>\n<script type=\"application\/ld+json\" class=\"yoast-schema-graph\">{\"@context\":\"https:\/\/schema.org\",\"@graph\":[{\"@type\":\"Article\",\"@id\":\"https:\/\/ence.es\/en\/ence-terra-celebrates-the-ii-forum-en-primeira-persoa-do-rural-focused-on-the-challenges-and-opportunities-of-the-rural-environment\/#article\",\"isPartOf\":{\"@id\":\"https:\/\/ence.es\/en\/ence-terra-celebrates-the-ii-forum-en-primeira-persoa-do-rural-focused-on-the-challenges-and-opportunities-of-the-rural-environment\/\"},\"author\":{\"name\":\"ence_editor\",\"@id\":\"https:\/\/ence.es\/en\/#\/schema\/person\/9689a569a56450e4838c433e7bdff512\"},\"headline\":\"Ence Terra celebrates the II forum \u201cEn Primeira Persoa do Rural\u201d focused on the challenges and opportunities of the rural environment\",\"datePublished\":\"2024-11-21T10:57:51+00:00\",\"dateModified\":\"2024-11-21T14:16:27+00:00\",\"mainEntityOfPage\":{\"@id\":\"https:\/\/ence.es\/en\/ence-terra-celebrates-the-ii-forum-en-primeira-persoa-do-rural-focused-on-the-challenges-and-opportunities-of-the-rural-environment\/\"},\"wordCount\":342,\"image\":{\"@id\":\"https:\/\/ence.es\/en\/ence-terra-celebrates-the-ii-forum-en-primeira-persoa-do-rural-focused-on-the-challenges-and-opportunities-of-the-rural-environment\/#primaryimage\"},\"thumbnailUrl\":\"https:\/\/ence.es\/wp-content\/uploads\/2024\/11\/WhatsApp-Image-2024-11-11-at-12.18.20.jpeg\",\"articleSection\":[\"Sin categorizar\"],\"inLanguage\":\"en-US\"},{\"@type\":\"WebPage\",\"@id\":\"https:\/\/ence.es\/en\/ence-terra-celebrates-the-ii-forum-en-primeira-persoa-do-rural-focused-on-the-challenges-and-opportunities-of-the-rural-environment\/\",\"url\":\"https:\/\/ence.es\/en\/ence-terra-celebrates-the-ii-forum-en-primeira-persoa-do-rural-focused-on-the-challenges-and-opportunities-of-the-rural-environment\/\",\"name\":\"Ence Terra celebrates the II forum \u201cEn Primeira Persoa do Rural\u201d focused on the challenges and opportunities of the rural environment | Ence\",\"isPartOf\":{\"@id\":\"https:\/\/ence.es\/en\/#website\"},\"primaryImageOfPage\":{\"@id\":\"https:\/\/ence.es\/en\/ence-terra-celebrates-the-ii-forum-en-primeira-persoa-do-rural-focused-on-the-challenges-and-opportunities-of-the-rural-environment\/#primaryimage\"},\"image\":{\"@id\":\"https:\/\/ence.es\/en\/ence-terra-celebrates-the-ii-forum-en-primeira-persoa-do-rural-focused-on-the-challenges-and-opportunities-of-the-rural-environment\/#primaryimage\"},\"thumbnailUrl\":\"https:\/\/ence.es\/wp-content\/uploads\/2024\/11\/WhatsApp-Image-2024-11-11-at-12.18.20.jpeg\",\"datePublished\":\"2024-11-21T10:57:51+00:00\",\"dateModified\":\"2024-11-21T14:16:27+00:00\",\"author\":{\"@id\":\"https:\/\/ence.es\/en\/#\/schema\/person\/9689a569a56450e4838c433e7bdff512\"},\"breadcrumb\":{\"@id\":\"https:\/\/ence.es\/en\/ence-terra-celebrates-the-ii-forum-en-primeira-persoa-do-rural-focused-on-the-challenges-and-opportunities-of-the-rural-environment\/#breadcrumb\"},\"inLanguage\":\"en-US\",\"potentialAction\":[{\"@type\":\"ReadAction\",\"target\":[\"https:\/\/ence.es\/en\/ence-terra-celebrates-the-ii-forum-en-primeira-persoa-do-rural-focused-on-the-challenges-and-opportunities-of-the-rural-environment\/\"]}]},{\"@type\":\"ImageObject\",\"inLanguage\":\"en-US\",\"@id\":\"https:\/\/ence.es\/en\/ence-terra-celebrates-the-ii-forum-en-primeira-persoa-do-rural-focused-on-the-challenges-and-opportunities-of-the-rural-environment\/#primaryimage\",\"url\":\"https:\/\/ence.es\/wp-content\/uploads\/2024\/11\/WhatsApp-Image-2024-11-11-at-12.18.20.jpeg\",\"contentUrl\":\"https:\/\/ence.es\/wp-content\/uploads\/2024\/11\/WhatsApp-Image-2024-11-11-at-12.18.20.jpeg\",\"width\":1600,\"height\":900},{\"@type\":\"BreadcrumbList\",\"@id\":\"https:\/\/ence.es\/en\/ence-terra-celebrates-the-ii-forum-en-primeira-persoa-do-rural-focused-on-the-challenges-and-opportunities-of-the-rural-environment\/#breadcrumb\",\"itemListElement\":[{\"@type\":\"ListItem\",\"position\":1,\"name\":\"Portada\",\"item\":\"https:\/\/ence.es\/en\/\"},{\"@type\":\"ListItem\",\"position\":2,\"name\":\"Ence Terra celebrates the II forum \u201cEn Primeira Persoa do Rural\u201d focused on the challenges and opportunities of the rural environment\"}]},{\"@type\":\"WebSite\",\"@id\":\"https:\/\/ence.es\/en\/#website\",\"url\":\"https:\/\/ence.es\/en\/\",\"name\":\"Ence\",\"description\":\"\",\"potentialAction\":[{\"@type\":\"SearchAction\",\"target\":{\"@type\":\"EntryPoint\",\"urlTemplate\":\"https:\/\/ence.es\/en\/?s={search_term_string}\"},\"query-input\":{\"@type\":\"PropertyValueSpecification\",\"valueRequired\":true,\"valueName\":\"search_term_string\"}}],\"inLanguage\":\"en-US\"},{\"@type\":\"Person\",\"@id\":\"https:\/\/ence.es\/en\/#\/schema\/person\/9689a569a56450e4838c433e7bdff512\",\"name\":\"ence_editor\"}]}<\/script>\n<!-- \/ Yoast SEO plugin. -->","yoast_head_json":{"title":"Ence Terra celebrates the II forum \u201cEn Primeira Persoa do Rural\u201d focused on the challenges and opportunities of the rural environment | Ence","robots":{"index":"index","follow":"follow","max-snippet":"max-snippet:-1","max-image-preview":"max-image-preview:large","max-video-preview":"max-video-preview:-1"},"canonical":"https:\/\/ence.es\/en\/ence-terra-celebrates-the-ii-forum-en-primeira-persoa-do-rural-focused-on-the-challenges-and-opportunities-of-the-rural-environment\/","og_locale":"en_US","og_type":"article","og_title":"Ence Terra celebrates the II forum \u201cEn Primeira Persoa do Rural\u201d focused on the challenges and opportunities of the rural environment | Ence","og_description":"Primeira Persoa do Rural, an initiative promoted by Ence Terra aimed at promoting rural development, held its second forum and brought together two key figures in the sector: the renowned winemaker Eladio Pi\u00f1eiro and Carlos Malvido, a member of the A Meixoeira cooperative. Both shared their experience and achievements while addressing the challenges and opportunities [&hellip;]","og_url":"https:\/\/ence.es\/en\/ence-terra-celebrates-the-ii-forum-en-primeira-persoa-do-rural-focused-on-the-challenges-and-opportunities-of-the-rural-environment\/","og_site_name":"Ence","article_published_time":"2024-11-21T10:57:51+00:00","article_modified_time":"2024-11-21T14:16:27+00:00","og_image":[{"width":1600,"height":900,"url":"https:\/\/ence.es\/wp-content\/uploads\/2024\/11\/WhatsApp-Image-2024-11-11-at-12.18.20.jpeg","type":"image\/jpeg"}],"author":"ence_editor","twitter_card":"summary_large_image","twitter_misc":{"Written by":"ence_editor","Est. reading time":"2 minutes"},"schema":{"@context":"https:\/\/schema.org","@graph":[{"@type":"Article","@id":"https:\/\/ence.es\/en\/ence-terra-celebrates-the-ii-forum-en-primeira-persoa-do-rural-focused-on-the-challenges-and-opportunities-of-the-rural-environment\/#article","isPartOf":{"@id":"https:\/\/ence.es\/en\/ence-terra-celebrates-the-ii-forum-en-primeira-persoa-do-rural-focused-on-the-challenges-and-opportunities-of-the-rural-environment\/"},"author":{"name":"ence_editor","@id":"https:\/\/ence.es\/en\/#\/schema\/person\/9689a569a56450e4838c433e7bdff512"},"headline":"Ence Terra celebrates the II forum \u201cEn Primeira Persoa do Rural\u201d focused on the challenges and opportunities of the rural environment","datePublished":"2024-11-21T10:57:51+00:00","dateModified":"2024-11-21T14:16:27+00:00","mainEntityOfPage":{"@id":"https:\/\/ence.es\/en\/ence-terra-celebrates-the-ii-forum-en-primeira-persoa-do-rural-focused-on-the-challenges-and-opportunities-of-the-rural-environment\/"},"wordCount":342,"image":{"@id":"https:\/\/ence.es\/en\/ence-terra-celebrates-the-ii-forum-en-primeira-persoa-do-rural-focused-on-the-challenges-and-opportunities-of-the-rural-environment\/#primaryimage"},"thumbnailUrl":"https:\/\/ence.es\/wp-content\/uploads\/2024\/11\/WhatsApp-Image-2024-11-11-at-12.18.20.jpeg","articleSection":["Sin categorizar"],"inLanguage":"en-US"},{"@type":"WebPage","@id":"https:\/\/ence.es\/en\/ence-terra-celebrates-the-ii-forum-en-primeira-persoa-do-rural-focused-on-the-challenges-and-opportunities-of-the-rural-environment\/","url":"https:\/\/ence.es\/en\/ence-terra-celebrates-the-ii-forum-en-primeira-persoa-do-rural-focused-on-the-challenges-and-opportunities-of-the-rural-environment\/","name":"Ence Terra celebrates the II forum \u201cEn Primeira Persoa do Rural\u201d focused on the challenges and opportunities of the rural environment | Ence","isPartOf":{"@id":"https:\/\/ence.es\/en\/#website"},"primaryImageOfPage":{"@id":"https:\/\/ence.es\/en\/ence-terra-celebrates-the-ii-forum-en-primeira-persoa-do-rural-focused-on-the-challenges-and-opportunities-of-the-rural-environment\/#primaryimage"},"image":{"@id":"https:\/\/ence.es\/en\/ence-terra-celebrates-the-ii-forum-en-primeira-persoa-do-rural-focused-on-the-challenges-and-opportunities-of-the-rural-environment\/#primaryimage"},"thumbnailUrl":"https:\/\/ence.es\/wp-content\/uploads\/2024\/11\/WhatsApp-Image-2024-11-11-at-12.18.20.jpeg","datePublished":"2024-11-21T10:57:51+00:00","dateModified":"2024-11-21T14:16:27+00:00","author":{"@id":"https:\/\/ence.es\/en\/#\/schema\/person\/9689a569a56450e4838c433e7bdff512"},"breadcrumb":{"@id":"https:\/\/ence.es\/en\/ence-terra-celebrates-the-ii-forum-en-primeira-persoa-do-rural-focused-on-the-challenges-and-opportunities-of-the-rural-environment\/#breadcrumb"},"inLanguage":"en-US","potentialAction":[{"@type":"ReadAction","target":["https:\/\/ence.es\/en\/ence-terra-celebrates-the-ii-forum-en-primeira-persoa-do-rural-focused-on-the-challenges-and-opportunities-of-the-rural-environment\/"]}]},{"@type":"ImageObject","inLanguage":"en-US","@id":"https:\/\/ence.es\/en\/ence-terra-celebrates-the-ii-forum-en-primeira-persoa-do-rural-focused-on-the-challenges-and-opportunities-of-the-rural-environment\/#primaryimage","url":"https:\/\/ence.es\/wp-content\/uploads\/2024\/11\/WhatsApp-Image-2024-11-11-at-12.18.20.jpeg","contentUrl":"https:\/\/ence.es\/wp-content\/uploads\/2024\/11\/WhatsApp-Image-2024-11-11-at-12.18.20.jpeg","width":1600,"height":900},{"@type":"BreadcrumbList","@id":"https:\/\/ence.es\/en\/ence-terra-celebrates-the-ii-forum-en-primeira-persoa-do-rural-focused-on-the-challenges-and-opportunities-of-the-rural-environment\/#breadcrumb","itemListElement":[{"@type":"ListItem","position":1,"name":"Portada","item":"https:\/\/ence.es\/en\/"},{"@type":"ListItem","position":2,"name":"Ence Terra celebrates the II forum \u201cEn Primeira Persoa do Rural\u201d focused on the challenges and opportunities of the rural environment"}]},{"@type":"WebSite","@id":"https:\/\/ence.es\/en\/#website","url":"https:\/\/ence.es\/en\/","name":"Ence","description":"","potentialAction":[{"@type":"SearchAction","target":{"@type":"EntryPoint","urlTemplate":"https:\/\/ence.es\/en\/?s={search_term_string}"},"query-input":{"@type":"PropertyValueSpecification","valueRequired":true,"valueName":"search_term_string"}}],"inLanguage":"en-US"},{"@type":"Person","@id":"https:\/\/ence.es\/en\/#\/schema\/person\/9689a569a56450e4838c433e7bdff512","name":"ence_editor"}]}},"_links":{"self":[{"href":"https:\/\/ence.es\/en\/wp-json\/wp\/v2\/posts\/21829","targetHints":{"allow":["GET"]}}],"collection":[{"href":"https:\/\/ence.es\/en\/wp-json\/wp\/v2\/posts"}],"about":[{"href":"https:\/\/ence.es\/en\/wp-json\/wp\/v2\/types\/post"}],"author":[{"embeddable":true,"href":"https:\/\/ence.es\/en\/wp-json\/wp\/v2\/users\/3"}],"replies":[{"embeddable":true,"href":"https:\/\/ence.es\/en\/wp-json\/wp\/v2\/comments?post=21829"}],"version-history":[{"count":2,"href":"https:\/\/ence.es\/en\/wp-json\/wp\/v2\/posts\/21829\/revisions"}],"predecessor-version":[{"id":21831,"href":"https:\/\/ence.es\/en\/wp-json\/wp\/v2\/posts\/21829\/revisions\/21831"}],"wp:featuredmedia":[{"embeddable":true,"href":"https:\/\/ence.es\/en\/wp-json\/wp\/v2\/media\/21822"}],"wp:attachment":[{"href":"https:\/\/ence.es\/en\/wp-json\/wp\/v2\/media?parent=21829"}],"wp:term":[{"taxonomy":"category","embeddable":true,"href":"https:\/\/ence.es\/en\/wp-json\/wp\/v2\/categories?post=21829"},{"taxonomy":"post_tag","embeddable":true,"href":"https:\/\/ence.es\/en\/wp-json\/wp\/v2\/tags?post=21829"}],"curies":[{"name":"wp","href":"https:\/\/api.w.org\/{rel}","templated":true}]}}